{"id":61,"date":"2021-07-02T17:00:00","date_gmt":"2021-07-02T15:00:00","guid":{"rendered":"http:\/\/elearning.zewk.tu-berlin.de\/blog\/democratize-work\/?p=61"},"modified":"2022-12-21T05:27:00","modified_gmt":"2022-12-21T04:27:00","slug":"8-wirtschaftsdemokratie-leitidee-konkrete-utopie-fuer-die-transformation-von-wirtschaft-gesellschaft-und-arbeit","status":"publish","type":"post","link":"https:\/\/elearning.zewk.tu-berlin.de\/blog\/democratize-work\/2021\/07\/02\/8-wirtschaftsdemokratie-leitidee-konkrete-utopie-fuer-die-transformation-von-wirtschaft-gesellschaft-und-arbeit\/","title":{"rendered":"#8 Wirtschaftsdemokratie: Leitidee &amp; konkrete Utopie f\u00fcr die Transformation?"},"content":{"rendered":"<div class=\"wp-block-image\">\n<figure class=\"alignleft size-medium\"><img loading=\"lazy\" decoding=\"async\" width=\"300\" height=\"300\" src=\"https:\/\/elearning.zewk.tu-berlin.de\/blog\/democratize-work\/wp-content\/uploads\/sites\/57\/2021\/07\/Illustration-by-Hurca-Adobe-Stock-Economic-Democracy-e1670169730597-300x300.jpg\" alt=\"\" class=\"wp-image-134\" srcset=\"https:\/\/elearning.zewk.tu-berlin.de\/blog\/democratize-work\/wp-content\/uploads\/sites\/57\/2021\/07\/Illustration-by-Hurca-Adobe-Stock-Economic-Democracy-e1670169730597-300x300.jpg 300w, https:\/\/elearning.zewk.tu-berlin.de\/blog\/democratize-work\/wp-content\/uploads\/sites\/57\/2021\/07\/Illustration-by-Hurca-Adobe-Stock-Economic-Democracy-e1670169730597-150x150.jpg 150w, https:\/\/elearning.zewk.tu-berlin.de\/blog\/democratize-work\/wp-content\/uploads\/sites\/57\/2021\/07\/Illustration-by-Hurca-Adobe-Stock-Economic-Democracy-e1670169730597.jpg 454w\" sizes=\"(max-width: 300px) 100vw, 300px\" \/><\/figure><\/div>\n\n\n<p>Mit <em>PD Dr. Hans-J\u00fcrgen Urban<\/em> (Mitglied des Bundesvorstand der IG Metall) und <em>Dr. Pascal Zwicky<\/em> (Gesch\u00e4ftf\u00fchrer &#8222;Denknetz&#8220;).<\/p>\n\n\n\n<p>Wir steigen diesmal tiefer und utopischer in das Thema Wirtschaftsdemokratie ein. \u00d6ffnen Klimakrise und Pandemie Fenster f\u00fcr eine neue Diskussion dar\u00fcber, was und wie wir produzieren und arbeiten? Wo bietet Wirtschaftsdemokratie praktische Ankn\u00fcpfungspunkte? Wo besteht Aktualisierungsbedarf?<\/p>\n\n\n\n<iframe loading=\"lazy\" src=\"https:\/\/democratize-work-podcast.podigee.io\/8-wirtschaftsdemokratie\/embed?context=external&amp;theme=default\" style=\"border: 0\" width=\"100%\" height=\"100\" frameborder=\"0\"><\/iframe>\n\n\n\n<h2 class=\"wp-block-heading\">Weitere Informationen<\/h2>\n\n\n\n<p>Das Buche &#8222;Gute Arbeit in der Transformation. \u00dcber eingreifende Politik im digitalisierten Kapitalismus&#8220; von Hans-J\u00fcrgen Urban ist 2019 im VSA Verlag erschienen. <a href=\"https:\/\/www.vsa-verlag.de\/uploads\/media\/www.vsa-verlag.de-Urban-Gute-Arbeit-in-der-Transformation.pdf\">Hier<\/a> k\u00f6nnt ihr die Einleitugn lesen.<br>Die Positionen und Diskussionsbeitr\u00e4ge von Pascal Zwicky und seinen Kolleg*innen des Schweizer &#8222;Denknetz&#8220; findet ihr <a href=\"https:\/\/www.denknetz.ch\/bibliothek\/\">hier<\/a>.<\/p>\n\n\n\n<p>Im Podcast nehmen unsere G\u00e4ste Bezug auf einige Gedanken und Werke anderer Autor*innen. <br><br>Einen Vortrag der Soziologin und Philosophin Frigga Haug zur &#8222;Vier-in-einem-Perspektive&#8220; gibt es <a href=\"https:\/\/www.youtube.com\/watch?v=Zd3DDGvqh6s\">hier<\/a> zu sehen und h\u00f6ren (im Rahmen des Studium Generale der Universit\u00e4t Leipzig von 2017).<br><br>Ein Klassiker der Debatte um Wirtschaftsdemokratie ist nat\u00fcrlich das Werk von Fritz Naphtali. Den gesamten Text seines Buches &#8222;Wirtschaftsdemokratie: Ihr Wesen, Weg und Ziel&#8220; von 1928 k\u00f6nnt <a rel=\"noreferrer noopener\" href=\"https:\/\/archive.org\/details\/WirtschaftsdemokratieIhrWesenWegUndZiel\/\" data-type=\"URL\" data-id=\"https:\/\/archive.org\/details\/WirtschaftsdemokratieIhrWesenWegUndZiel\/\" target=\"_blank\">ihr online im Internet Archiv lesen<\/a>.<\/p>\n\n\n\n<p>Ein ins Deutsche \u00fcbersetzter Text des US-amerikanischen Soziologen Erik Olin Wright zu den &#8222;Realen Utopien&#8220; findet sich im Sammelband: &#8222;<a href=\"https:\/\/www.rosalux.de\/fileadmin\/rls_uploads\/pdfs\/sonst_publikationen\/Brie_Realutopien.pdf\">Mit Realutopien den Kapitalismus transformieren? Beitr\u00e4ge zur kritischen Transformationsforschung 2<\/a>&#8220; (herausgegeben von Michael Brie, erschienen 2015 im VSA Verlag). Wrights Hauptwerk zu diesem Thema ist 2017 in deutscher \u00dcbersetzung unter dem Titel &#8222;Reale Utopien: Wege aus dem Kapitalismus&#8220; im Suhrkamp Verlag erschienen.<\/p>\n\n\n\n<h2 class=\"wp-block-heading\">\u00dcber unsere G\u00e4st:innen<\/h2>\n\n\n\n<p><strong>PD Dr. Hans-J\u00fcrgen Urban<\/strong> ist Vorstandsmitglied bei der IG Metall und Privatdozent der Soziologie. Er befasst sich immer wieder politisch und akademisch mit den gro\u00dfen Wandlungsprozessen in der Arbeit und hat sich auch Fragen um Wirtschaftsdemokratie als ein Weg hin zu Guter Arbeit gewidmet.<\/p>\n\n\n\n<p><strong>Dr. Pascal Zwicky<\/strong> ist Gesch\u00e4ftsf\u00fchrer des \u201eDenknetz\u201c, einer schweizer Denkfabrik von Gewerkschaften, den Gr\u00fcnen und der Schweizer Sozialdemokratischen Partei SP und anderen zivilgesellschaftlichen Akteuren. Er hat sich sowohl politisch als auch wissenschaftlich mit dem Thema Wirtschaftsdemokratie auseinandergesetzt.<\/p>\n\n\n\n<hr class=\"wp-block-separator has-alpha-channel-opacity\" \/>\n\n\n\n<p>Fotocredits: <a rel=\"noreferrer noopener\" href=\"https:\/\/stock.adobe.com\/de\/contributor\/204088679\/hurca\" target=\"_blank\">Hurca!<\/a> \/ lizensiert \u00fcber Adobe Stock.<\/p>\n","protected":false},"excerpt":{"rendered":"<p>Mit PD Dr. Hans-J\u00fcrgen Urban (Mitglied des Bundesvorstand der IG Metall) und Dr. Pascal Zwicky (Gesch\u00e4ftf\u00fchrer &#8222;Denknetz&#8220;). Wir steigen diesmal tiefer und utopischer in das Thema Wirtschaftsdemokratie ein. \u00d6ffnen Klimakrise [&hellip;]<\/p>\n","protected":false},"author":279,"featured_media":134,"comment_status":"closed","ping_status":"closed","sticky":false,"template":"","format":"standard","meta":{"footnotes":""},"categories":[3],"tags":[96,100,72,56,98],"class_list":["post-61","post","type-post","status-publish","format-standard","has-post-thumbnail","hentry","category-episode","tag-alternative-wirtschaft","tag-demokratie","tag-klimakrise","tag-transformation","tag-wirtschaftsdemokratie"],"_links":{"self":[{"href":"https:\/\/elearning.zewk.tu-berlin.de\/blog\/democratize-work\/wp-json\/wp\/v2\/posts\/61"}],"collection":[{"href":"https:\/\/elearning.zewk.tu-berlin.de\/blog\/democratize-work\/wp-json\/wp\/v2\/posts"}],"about":[{"href":"https:\/\/elearning.zewk.tu-berlin.de\/blog\/democratize-work\/wp-json\/wp\/v2\/types\/post"}],"author":[{"embeddable":true,"href":"https:\/\/elearning.zewk.tu-berlin.de\/blog\/democratize-work\/wp-json\/wp\/v2\/users\/279"}],"replies":[{"embeddable":true,"href":"https:\/\/elearning.zewk.tu-berlin.de\/blog\/democratize-work\/wp-json\/wp\/v2\/comments?post=61"}],"version-history":[{"count":16,"href":"https:\/\/elearning.zewk.tu-berlin.de\/blog\/democratize-work\/wp-json\/wp\/v2\/posts\/61\/revisions"}],"predecessor-version":[{"id":644,"href":"https:\/\/elearning.zewk.tu-berlin.de\/blog\/democratize-work\/wp-json\/wp\/v2\/posts\/61\/revisions\/644"}],"wp:featuredmedia":[{"embeddable":true,"href":"https:\/\/elearning.zewk.tu-berlin.de\/blog\/democratize-work\/wp-json\/wp\/v2\/media\/134"}],"wp:attachment":[{"href":"https:\/\/elearning.zewk.tu-berlin.de\/blog\/democratize-work\/wp-json\/wp\/v2\/media?parent=61"}],"wp:term":[{"taxonomy":"category","embeddable":true,"href":"https:\/\/elearning.zewk.tu-berlin.de\/blog\/democratize-work\/wp-json\/wp\/v2\/categories?post=61"},{"taxonomy":"post_tag","embeddable":true,"href":"https:\/\/elearning.zewk.tu-berlin.de\/blog\/democratize-work\/wp-json\/wp\/v2\/tags?post=61"}],"curies":[{"name":"wp","href":"https:\/\/api.w.org\/{rel}","templated":true}]}}