{"id":78,"date":"2022-04-21T09:38:00","date_gmt":"2022-04-21T07:38:00","guid":{"rendered":"http:\/\/elearning.zewk.tu-berlin.de\/blog\/democratize-work\/?p=78"},"modified":"2022-12-21T05:48:47","modified_gmt":"2022-12-21T04:48:47","slug":"16-wer-gibt-den-takt-vor-arbeitszeit-und-zeitwohlstand","status":"publish","type":"post","link":"https:\/\/elearning.zewk.tu-berlin.de\/blog\/democratize-work\/2022\/04\/21\/16-wer-gibt-den-takt-vor-arbeitszeit-und-zeitwohlstand\/","title":{"rendered":"#16 Wer gibt den Takt vor? Arbeitszeit und Zeitwohlstand"},"content":{"rendered":"<div class=\"wp-block-image\">\n<figure class=\"alignleft size-medium\"><img loading=\"lazy\" decoding=\"async\" width=\"300\" height=\"300\" src=\"https:\/\/elearning.zewk.tu-berlin.de\/blog\/democratize-work\/wp-content\/uploads\/sites\/57\/2022\/04\/lucian-alexe-unsplash_SQ-300x300.jpg\" alt=\"\" class=\"wp-image-285\" srcset=\"https:\/\/elearning.zewk.tu-berlin.de\/blog\/democratize-work\/wp-content\/uploads\/sites\/57\/2022\/04\/lucian-alexe-unsplash_SQ-300x300.jpg 300w, https:\/\/elearning.zewk.tu-berlin.de\/blog\/democratize-work\/wp-content\/uploads\/sites\/57\/2022\/04\/lucian-alexe-unsplash_SQ-1024x1024.jpg 1024w, https:\/\/elearning.zewk.tu-berlin.de\/blog\/democratize-work\/wp-content\/uploads\/sites\/57\/2022\/04\/lucian-alexe-unsplash_SQ-150x150.jpg 150w, https:\/\/elearning.zewk.tu-berlin.de\/blog\/democratize-work\/wp-content\/uploads\/sites\/57\/2022\/04\/lucian-alexe-unsplash_SQ-768x768.jpg 768w, https:\/\/elearning.zewk.tu-berlin.de\/blog\/democratize-work\/wp-content\/uploads\/sites\/57\/2022\/04\/lucian-alexe-unsplash_SQ-1536x1536.jpg 1536w, https:\/\/elearning.zewk.tu-berlin.de\/blog\/democratize-work\/wp-content\/uploads\/sites\/57\/2022\/04\/lucian-alexe-unsplash_SQ.jpg 1660w\" sizes=\"(max-width: 300px) 100vw, 300px\" \/><\/figure><\/div>\n\n\n<p>Mit <em>Gerrit von Jorck<\/em> (TU Berlin) und <em>Klaus Mertens<\/em> (Wissenschaftlicher Fachreferent beim Betriebsrat ZF Friedrichshafen AG) <\/p>\n\n\n\n<p>Wir beleuchten den Zusammenhang von Arbeit, Zeit und Demokratie. Wer bestimmt in welcher Zeit wir unsere Arbeit erledigen, wer bestimmt wie viel Freizeit wir uns leisten k\u00f6nnen? Und wer hat eigentlich Zeit f\u00fcr mehr Demokratie bei der Arbeit?<\/p>\n\n\n\n<iframe loading=\"lazy\" src=\"https:\/\/democratize-work-podcast.podigee.io\/17-zeit\/embed?context=external&amp;theme=default\" style=\"border: 0\" width=\"100%\" height=\"100\" frameborder=\"0\"><\/iframe>\n\n\n\n<h2 class=\"wp-block-heading\">Weitere Informationen zum Thema<\/h2>\n\n\n\n<p><a href=\"https:\/\/www.rezeitkon.de\/wordpress\/de\/das-projekt\/\" target=\"_blank\" rel=\"noreferrer noopener\">ReZeitKon \u2013 Zeit-Rebound, Zeitwohlstand und Nachhaltiger Konsum<\/a> ist ein inter- und transdisziplin\u00e4res Forschungsprojekt der Technischen Universit\u00e4t Berlin (Fachgebiet Arbeitslehre\/\u00d6konomie und Nachhaltiger Konsum (AL\u00d6NK)) im Verbund mit der Leuphana Universit\u00e4t L\u00fcneburg (Institut f\u00fcr Umweltkommunikation (INFU)) sowie dem Fraunhofer-Institut f\u00fcr System- und Innovationsforschung (ISI, Karlsruhe). Mit dem <a href=\"https:\/\/www.rezeitkon.de\/wordpress\/de\/zeitwohlstandsrechner\/\" target=\"_blank\" rel=\"noreferrer noopener\">Zeitwohlstandsrechner des Projektes<\/a> kann man den eigenen Zeitwohlstand im Alltag berechnen und sieht, wie man im Vergleich zu anderen mit seiner Zeit umgeht.<\/p>\n\n\n\n<p><a href=\"https:\/\/transformateure.org\/\">Die Transformateure<\/a> setzen sich seit 2011 aktiv f\u00fcr die sozial-\u00f6kologische Transformation ein.<\/p>\n\n\n\n<p>Zum Nachlesen gibt es den Essay <a rel=\"noreferrer noopener\" href=\"https:\/\/taz.de\/Arbeit-Selbstachtung-und-Demokratie\/!5774633\/\" target=\"_blank\">\u201cDer arbeitende Souver\u00e4n\u201c<\/a> von Axel Honneth aus der TAZ vom 12.06.2021. Hartmut Rosa legt seine Thesen zur Ver\u00e4nderung der Zeitstruktur in der Moderne u.a. im 2005 bei Suhrkamp erschienen Buch <a rel=\"noreferrer noopener\" href=\"https:\/\/www.suhrkamp.de\/buch\/hartmut-rosa-beschleunigung-t-9783518293607\" target=\"_blank\">\u201eBeschleunigung\u201c<\/a> dar. Die Rolle der Zeit f\u00fcr eine sinngebendes Verh\u00e4ltnis von Individuen zur Welt f\u00fchrt Rosa dann in seinem Begriff der <a rel=\"noreferrer noopener\" href=\"https:\/\/www.youtube.com\/watch?v=QnvNwdRe3Q8&amp;t=1417s\" target=\"_blank\">\u201eResonanz\u201c<\/a> fort.<\/p>\n\n\n\n<h2 class=\"wp-block-heading\">Unsere G\u00e4ste:innen<\/h2>\n\n\n\n<p><strong>Gerrit von Jorck<\/strong> ist \u00d6konom und arbeitet an der TU Berlin im <a href=\"https:\/\/www.aloenk.tu-berlin.de\/menue\/team\/wissenschaftliche_mitarbeiterinnen\/gerrit_von_jorck\/\" data-type=\"URL\" data-id=\"https:\/\/www.aloenk.tu-berlin.de\/menue\/team\/wissenschaftliche_mitarbeiterinnen\/gerrit_von_jorck\/\">F<\/a><a rel=\"noreferrer noopener\" href=\"https:\/\/www.aloenk.tu-berlin.de\/menue\/team\/wissenschaftliche_mitarbeiterinnen\/gerrit_von_jorck\/\" data-type=\"URL\" data-id=\"https:\/\/www.aloenk.tu-berlin.de\/menue\/team\/wissenschaftliche_mitarbeiterinnen\/gerrit_von_jorck\/\" target=\"_blank\">achgebiet \u201cArbeitslehre\/\u00d6konomie und Nachhaltiger Konsum\u201d<\/a>. Er untersucht in seiner Dissertation den Einfluss verschiedener Arbeitszeitregime auf den Zeitwohlstand von Besch\u00e4ftigten. Weitere Schwerpunkte von Gerrit sind (u.a.): Gewerkschaftliche Bildung f\u00fcr eine nachhaltige Entwicklung, Nachhaltige Arbeit. \u00d6kologische \u00d6konomie, Sozio\u00f6konomie und Postwachstums\u00f6konomie.<\/p>\n\n\n\n<p><strong>Klaus Mertens<\/strong> ist IG Metall Mitglied und arbeitet als wissenschaftlicher Fachreferent beim Betriebsrat ZF Friedrichshafen AG (Schweinfurt) und ist Mitglied im Europ\u00e4ischen Betriebsrat des Konzerns. Er ist au\u00dferdem Gr\u00fcndungsmitglied von \u201e<a rel=\"noreferrer noopener\" href=\"https:\/\/transformateure.org\/\" target=\"_blank\">Die Transformateure<\/a>\u201c, einer Gruppe verschiedener Personen, die verbindet, dass sie sich aktiv f\u00fcr die sozial-\u00f6kologische Transformation einsetzen<strong>.<\/strong><\/p>\n\n\n\n<hr class=\"wp-block-separator has-alpha-channel-opacity\" \/>\n\n\n\n<p>Fotocredits: <a href=\"https:\/\/unsplash.com\/@lucian_alexe\" target=\"_blank\" rel=\"noreferrer noopener\">Lucian Alexe<\/a> \/ Unsplash.<\/p>\n","protected":false},"excerpt":{"rendered":"<p>Mit Gerrit von Jorck (TU Berlin) und Klaus Mertens (Wissenschaftlicher Fachreferent beim Betriebsrat ZF Friedrichshafen AG) Wir beleuchten den Zusammenhang von Arbeit, Zeit und Demokratie. Wer bestimmt in welcher Zeit [&hellip;]<\/p>\n","protected":false},"author":279,"featured_media":285,"comment_status":"closed","ping_status":"closed","sticky":false,"template":"","format":"standard","meta":{"footnotes":""},"categories":[3],"tags":[50,54,56,52],"class_list":["post-78","post","type-post","status-publish","format-standard","has-post-thumbnail","hentry","category-episode","tag-arbeitszeit","tag-nachhaltigkeit","tag-transformation","tag-zeit"],"_links":{"self":[{"href":"https:\/\/elearning.zewk.tu-berlin.de\/blog\/democratize-work\/wp-json\/wp\/v2\/posts\/78"}],"collection":[{"href":"https:\/\/elearning.zewk.tu-berlin.de\/blog\/democratize-work\/wp-json\/wp\/v2\/posts"}],"about":[{"href":"https:\/\/elearning.zewk.tu-berlin.de\/blog\/democratize-work\/wp-json\/wp\/v2\/types\/post"}],"author":[{"embeddable":true,"href":"https:\/\/elearning.zewk.tu-berlin.de\/blog\/democratize-work\/wp-json\/wp\/v2\/users\/279"}],"replies":[{"embeddable":true,"href":"https:\/\/elearning.zewk.tu-berlin.de\/blog\/democratize-work\/wp-json\/wp\/v2\/comments?post=78"}],"version-history":[{"count":10,"href":"https:\/\/elearning.zewk.tu-berlin.de\/blog\/democratize-work\/wp-json\/wp\/v2\/posts\/78\/revisions"}],"predecessor-version":[{"id":668,"href":"https:\/\/elearning.zewk.tu-berlin.de\/blog\/democratize-work\/wp-json\/wp\/v2\/posts\/78\/revisions\/668"}],"wp:featuredmedia":[{"embeddable":true,"href":"https:\/\/elearning.zewk.tu-berlin.de\/blog\/democratize-work\/wp-json\/wp\/v2\/media\/285"}],"wp:attachment":[{"href":"https:\/\/elearning.zewk.tu-berlin.de\/blog\/democratize-work\/wp-json\/wp\/v2\/media?parent=78"}],"wp:term":[{"taxonomy":"category","embeddable":true,"href":"https:\/\/elearning.zewk.tu-berlin.de\/blog\/democratize-work\/wp-json\/wp\/v2\/categories?post=78"},{"taxonomy":"post_tag","embeddable":true,"href":"https:\/\/elearning.zewk.tu-berlin.de\/blog\/democratize-work\/wp-json\/wp\/v2\/tags?post=78"}],"curies":[{"name":"wp","href":"https:\/\/api.w.org\/{rel}","templated":true}]}}